{"id":3801,"date":"2025-09-03T14:43:32","date_gmt":"2025-09-03T14:43:32","guid":{"rendered":"https:\/\/www.uglpadova.com\/?p=3801"},"modified":"2025-09-06T14:45:18","modified_gmt":"2025-09-06T14:45:18","slug":"padova-verso-la-nascita-di-unagenzia-per-la-casa-lannuncio-dellassessore-benciolini-e-i-dubbi-di-ugconsumatori","status":"publish","type":"post","link":"https:\/\/www.uglpadova.com\/?p=3801","title":{"rendered":"PADOVA, VERSO LA NASCITA DI UN\u2019AGENZIA PER LA CASA: L\u2019ANNUNCIO DELL\u2019ASSESSORE BENCIOLINI E I DUBBI DI UGCONSUMATORI"},"content":{"rendered":"<p>fonte: iRORGPRESS (irog.it) del 03\/09\/2025<\/p>\n<h4 class=\"wp-block-heading\"><strong>Emergenza abitativa a Padova, la proposta dell\u2019assessore Benciolini<\/strong><\/h4>\n<p>Il tema della casa a Padova si conferma una delle questioni pi\u00f9 urgenti per la citt\u00e0. L\u2019assessore alla Casa,\u00a0<strong>Francesca Benciolini<\/strong>, ha annunciato la nascita di una\u00a0<strong>nuova Agenzia per la casa<\/strong>, con l\u2019obiettivo di affrontare l\u2019emergenza abitativa che colpisce in particolare giovani coppie, famiglie a basso reddito e studenti.<\/p>\n<p>La scarsit\u00e0 di alloggi a prezzi calmierati e il ricorso sempre pi\u00f9 frequente agli\u00a0<strong>affitti brevi<\/strong>, concentrati soprattutto in zone come\u00a0<strong>via del Santo<\/strong>, stanno infatti contribuendo a svuotare il centro storico dai residenti tradizionali, aggravando una situazione gi\u00e0 critica.<\/p>\n<h4 class=\"wp-block-heading\"><strong>Tra studentati privati e case sfitte, le criticit\u00e0 del mercato immobiliare<\/strong><\/h4>\n<p>Secondo i dati diffusi, a\u00a0<strong>Padova\u00a0<\/strong>ci sarebbero circa\u00a0<strong>1.000 alloggi privati sfitti<\/strong>\u00a0e\u00a0<strong>356 alloggi ATER<\/strong>\u00a0messi in vendita invece che destinati all\u2019affitto sociale.<\/p>\n<p>Parallelamente, sono in arrivo una decina di nuovi\u00a0<strong>studentati<\/strong>, frutto di iniziative private e dell\u2019Universit\u00e0 di Padova, che si \u00e8 mossa per colmare un ritardo storico. Oggi, infatti, uno studente \u00e8 costretto a spendere almeno\u00a0<strong>500 euro al mese per una stanza singola<\/strong>, con un impatto pesante sulle famiglie.<\/p>\n<h4 class=\"wp-block-heading\"><strong>La gestione diretta degli alloggi comunali e i dubbi sull\u2019Agenzia<\/strong><\/h4>\n<p>L\u2019amministrazione comunale ha gi\u00e0 scelto di gestire direttamente\u00a0<strong>1.659 alloggi comunali<\/strong>\u00a0un tempo affidati ad ATER, motivando la decisione con presunti\u00a0<strong>minori costi<\/strong>\u00a0e\u00a0<strong>benefici per gli utenti<\/strong>.<\/p>\n<p>L\u2019annuncio della futura Agenzia per la casa solleva per\u00f2 alcuni interrogativi, espressi da\u00a0<strong>Sebastiano Arcoraci di UGConsumatori Padova<\/strong>, che chiede chiarezza su vari aspetti:<\/p>\n<ul class=\"wp-block-list\">\n<li>L\u2019iniziativa nasce dal tavolo di confronto con le associazioni?<\/li>\n<li>Da chi sar\u00e0 gestita l\u2019Agenzia?<\/li>\n<li>Saranno coinvolte realt\u00e0 imprenditoriali locali del settore?<\/li>\n<li>Quali saranno i costi e le royalty di gestione?<\/li>\n<li>Ci saranno benefici concreti in termini di affitti calmierati e con quali condizioni contrattuali?<\/li>\n<\/ul>\n<h4 class=\"wp-block-heading\"><strong>Trasparenza e cautela per una scelta strategica<\/strong><\/h4>\n<p>Secondo\u00a0<strong>UGConsumatori<\/strong>, il tema casa \u00e8 troppo importante per non essere affrontato con la massima\u00a0<strong>trasparenza<\/strong>\u00a0e\u00a0<strong>cautela<\/strong>. Il rischio, sottolinea Arcoraci, \u00e8 quello di creare\u00a0<strong>futuri monopoli di gestione<\/strong>, che in passato non hanno portato risultati positivi. La nascita dell\u2019Agenzia per la casa a Padova rappresenta dunque una possibile svolta, ma richiede risposte chiare su governance, benefici concreti e garanzie per i cittadini.<\/p>\n","protected":false},"excerpt":{"rendered":"<p>fonte: iRORGPRESS (irog.it) del 03\/09\/2025 Emergenza abitativa a Padova, la proposta dell\u2019assessore Benciolini Il tema della casa a Padova si conferma una delle questioni pi\u00f9 urgenti per la citt\u00e0. L\u2019assessore alla Casa,\u00a0Francesca Benciolini, ha annunciato la nascita di una\u00a0nuova Agenzia per la casa, con l\u2019obiettivo di affrontare l\u2019emergenza abitativa che colpisce in particolare giovani coppie,<\/p>\n","protected":false},"author":1,"featured_media":3387,"comment_status":"closed","ping_status":"open","sticky":false,"template":"","format":"standard","meta":{"_bbp_topic_count":0,"_bbp_reply_count":0,"_bbp_total_topic_count":0,"_bbp_total_reply_count":0,"_bbp_voice_count":0,"_bbp_anonymous_reply_count":0,"_bbp_topic_count_hidden":0,"_bbp_reply_count_hidden":0,"_bbp_forum_subforum_count":0,"footnotes":"","_links_to":"","_links_to_target":""},"categories":[239,225],"tags":[337,231,338,306],"class_list":["post-3801","post","type-post","status-publish","format-standard","has-post-thumbnail","hentry","category-news","category-ugl-padova","tag-casa","tag-padova","tag-studentati","tag-ugcons"],"_links":{"self":[{"href":"https:\/\/www.uglpadova.com\/index.php?rest_route=\/wp\/v2\/posts\/3801","targetHints":{"allow":["GET"]}}],"collection":[{"href":"https:\/\/www.uglpadova.com\/index.php?rest_route=\/wp\/v2\/posts"}],"about":[{"href":"https:\/\/www.uglpadova.com\/index.php?rest_route=\/wp\/v2\/types\/post"}],"author":[{"embeddable":true,"href":"https:\/\/www.uglpadova.com\/index.php?rest_route=\/wp\/v2\/users\/1"}],"replies":[{"embeddable":true,"href":"https:\/\/www.uglpadova.com\/index.php?rest_route=%2Fwp%2Fv2%2Fcomments&post=3801"}],"version-history":[{"count":1,"href":"https:\/\/www.uglpadova.com\/index.php?rest_route=\/wp\/v2\/posts\/3801\/revisions"}],"predecessor-version":[{"id":3802,"href":"https:\/\/www.uglpadova.com\/index.php?rest_route=\/wp\/v2\/posts\/3801\/revisions\/3802"}],"wp:featuredmedia":[{"embeddable":true,"href":"https:\/\/www.uglpadova.com\/index.php?rest_route=\/wp\/v2\/media\/3387"}],"wp:attachment":[{"href":"https:\/\/www.uglpadova.com\/index.php?rest_route=%2Fwp%2Fv2%2Fmedia&parent=3801"}],"wp:term":[{"taxonomy":"category","embeddable":true,"href":"https:\/\/www.uglpadova.com\/index.php?rest_route=%2Fwp%2Fv2%2Fcategories&post=3801"},{"taxonomy":"post_tag","embeddable":true,"href":"https:\/\/www.uglpadova.com\/index.php?rest_route=%2Fwp%2Fv2%2Ftags&post=3801"}],"curies":[{"name":"wp","href":"https:\/\/api.w.org\/{rel}","templated":true}]}}